{"id":580,"date":"2024-12-02T11:14:24","date_gmt":"2024-12-02T10:14:24","guid":{"rendered":"https:\/\/isabeeb.cm\/?p=580"},"modified":"2024-12-02T12:30:47","modified_gmt":"2024-12-02T11:30:47","slug":"implementation-du-programme-daccompagnement-des-collectivites-territoriales-decentralisees-ctd-de-la-region-de-lest-et-du-programme-pepiniere-dentreprise-pour-les-diplomes-de-luniversite-de","status":"publish","type":"post","link":"https:\/\/isabeeb.cm\/index.php\/2024\/12\/02\/implementation-du-programme-daccompagnement-des-collectivites-territoriales-decentralisees-ctd-de-la-region-de-lest-et-du-programme-pepiniere-dentreprise-pour-les-diplomes-de-luniversite-de\/","title":{"rendered":"Impl\u00e9mentation du programme d&rsquo;accompagnement des CTD de la R\u00e9gion de l&rsquo;Est et du Programme PEPED pour les Dipl\u00f4m\u00e9s de l&rsquo;Universit\u00e9 de Bertoua"},"content":{"rendered":"\t\t<div data-elementor-type=\"wp-post\" data-elementor-id=\"580\" class=\"elementor elementor-580\">\n\t\t\t\t<div class=\"elementor-element elementor-element-3dc0c02 e-flex e-con-boxed e-con e-parent\" data-id=\"3dc0c02\" data-element_type=\"container\">\n\t\t\t\t\t<div class=\"e-con-inner\">\n\t\t\t\t<div class=\"elementor-element elementor-element-6479a54 elementor-widget elementor-widget-text-editor\" data-id=\"6479a54\" data-element_type=\"widget\" data-widget_type=\"text-editor.default\">\n\t\t\t\t<div class=\"elementor-widget-container\">\n\t\t\t<style>\/*! elementor - v3.21.0 - 30-04-2024 *\/\n.elementor-widget-text-editor.elementor-drop-cap-view-stacked .elementor-drop-cap{background-color:#69727d;color:#fff}.elementor-widget-text-editor.elementor-drop-cap-view-framed .elementor-drop-cap{color:#69727d;border:3px solid;background-color:transparent}.elementor-widget-text-editor:not(.elementor-drop-cap-view-default) .elementor-drop-cap{margin-top:8px}.elementor-widget-text-editor:not(.elementor-drop-cap-view-default) .elementor-drop-cap-letter{width:1em;height:1em}.elementor-widget-text-editor .elementor-drop-cap{float:left;text-align:center;line-height:1;font-size:50px}.elementor-widget-text-editor .elementor-drop-cap-letter{display:inline-block}<\/style>\t\t\t\t<p style=\"text-align: justify;\">L&rsquo;ISABEE de l&rsquo;Universit\u00e9 de Bertoua \u00e0 Belabo impl\u00e9mente actuellement deux importants programmes de d\u00e9veloppement \u00e0 savoir :<\/p><ul><li style=\"list-style-type: none;\"><ul><li>Le programme d&rsquo;accompagnement des Collectivit\u00e9s Territoriales D\u00e9centralis\u00e9es (CTD) de la R\u00e9gion de l&rsquo;Est dans le montage et la mise en oeuvre des projets de d\u00e9veloppement ;<\/li><li>Le Programme P\u00e9pini\u00e8re d&rsquo;Entreprise pour les Dipl\u00f4m\u00e9s de l&rsquo;Universit\u00e9 de Bertoua (PEPED-UBe).<\/li><\/ul><\/li><\/ul><p>\u00a0<\/p><p style=\"text-align: justify;\">En ce qui concerne l&rsquo;accompagnement des CTD, la mise en oeuvre de la Convention Sp\u00e9cifique liant l&rsquo;Universit\u00e9 de Bertoua\/ISABEE \u00e0 la Mairie de Bertoua 1er pour la production des poulets de chair, a abouti \u00e0 une c\u00e9r\u00e9monie de lancement de la vente de la premi\u00e8re cuv\u00e9e le mercredi, 27 novembre 2024 dans la ferme avicole de Bertoua 1er. Un total de 1000 poulets de chair d&rsquo;environ 4kg par poulet produits en 44 jours par la Mairie de Bertoua 1er. Cette Commune a b\u00e9n\u00e9fici\u00e9 de l&rsquo;accompagnement technique et l&rsquo;expertise de l&rsquo; ISABEE pour r\u00e9aliser ce grand projet.<\/p><p>Monsieur le Gouverneur de la R\u00e9gion de l&rsquo;Est a tenu \u00e0 \u00eatre pr\u00e9sent \u00e0 cette c\u00e9r\u00e9monie. Il a particuli\u00e8rement appr\u00e9ci\u00e9 le fait que la Mairie de Bertoua 1er soit accompagn\u00e9e par l&rsquo;Universit\u00e9\/ISABEE.<\/p><p>Cette c\u00e9r\u00e9monie indique \u00e0 suffisance que cette convention est belle et bien en marche. Il est actuellement souhait\u00e9 que les autres Communes partenaires de l&rsquo;ISABEE suivent l&rsquo;exemple de la Commune de Bertoua 1er et ISABEE.<br \/>Le Maire de Bertoua 1er applique la th\u00e8se d\u00e9velopp\u00e9e par le Directeur de l&rsquo;ISABEE \u00e0 savoir que : \u00ab\u00a0ce sont les id\u00e9es qui font le d\u00e9veloppement\u00a0\u00bb et que la \u00ab\u00a0mutualisation des efforts est source de progr\u00e8s\u00a0\u00bb.<\/p>\t\t\t\t\t\t<\/div>\n\t\t\t\t<\/div>\n\t\t\t\t\t<\/div>\n\t\t\t\t<\/div>\n\t\t<div class=\"elementor-element elementor-element-c4993c1 e-flex e-con-boxed e-con e-parent\" data-id=\"c4993c1\" data-element_type=\"container\">\n\t\t\t\t\t<div class=\"e-con-inner\">\n\t\t\t\t<div class=\"elementor-element elementor-element-1937cad elementor-arrows-position-inside elementor-pagination-position-outside elementor-widget elementor-widget-image-carousel\" data-id=\"1937cad\" data-element_type=\"widget\" data-settings=\"{&quot;slides_to_show&quot;:&quot;2&quot;,&quot;image_spacing_custom&quot;:{&quot;unit&quot;:&quot;px&quot;,&quot;size&quot;:12,&quot;sizes&quot;:[]},&quot;navigation&quot;:&quot;both&quot;,&quot;autoplay&quot;:&quot;yes&quot;,&quot;pause_on_hover&quot;:&quot;yes&quot;,&quot;pause_on_interaction&quot;:&quot;yes&quot;,&quot;autoplay_speed&quot;:5000,&quot;infinite&quot;:&quot;yes&quot;,&quot;speed&quot;:500,&quot;image_spacing_custom_tablet&quot;:{&quot;unit&quot;:&quot;px&quot;,&quot;size&quot;:&quot;&quot;,&quot;sizes&quot;:[]},&quot;image_spacing_custom_mobile&quot;:{&quot;unit&quot;:&quot;px&quot;,&quot;size&quot;:&quot;&quot;,&quot;sizes&quot;:[]}}\" data-widget_type=\"image-carousel.default\">\n\t\t\t\t<div class=\"elementor-widget-container\">\n\t\t\t<style>\/*! elementor - v3.21.0 - 30-04-2024 *\/\n.elementor-widget-image-carousel .swiper,.elementor-widget-image-carousel .swiper-container{position:static}.elementor-widget-image-carousel .swiper-container .swiper-slide figure,.elementor-widget-image-carousel .swiper .swiper-slide figure{line-height:inherit}.elementor-widget-image-carousel .swiper-slide{text-align:center}.elementor-image-carousel-wrapper:not(.swiper-container-initialized):not(.swiper-initialized) .swiper-slide{max-width:calc(100% \/ var(--e-image-carousel-slides-to-show, 3))}<\/style>\t\t<div class=\"elementor-image-carousel-wrapper swiper\" dir=\"ltr\">\n\t\t\t<div class=\"elementor-image-carousel swiper-wrapper swiper-image-stretch\" aria-live=\"off\">\n\t\t\t\t\t\t\t\t<div class=\"swiper-slide\" role=\"group\" aria-roledescription=\"slide\" aria-label=\"1 sur 6\"><figure class=\"swiper-slide-inner\"><img decoding=\"async\" class=\"swiper-slide-image\" src=\"https:\/\/isabeeb.cm\/wp-content\/uploads\/2024\/12\/ctd_bertoua1er_8-300x280.jpg\" alt=\"ctd_bertoua1er_8\" \/><\/figure><\/div><div class=\"swiper-slide\" role=\"group\" aria-roledescription=\"slide\" aria-label=\"2 sur 6\"><figure class=\"swiper-slide-inner\"><img decoding=\"async\" class=\"swiper-slide-image\" src=\"https:\/\/isabeeb.cm\/wp-content\/uploads\/2024\/12\/ctd_bertoua1er_1-300x280.jpg\" alt=\"ctd_bertoua1er_1\" \/><\/figure><\/div><div class=\"swiper-slide\" role=\"group\" aria-roledescription=\"slide\" aria-label=\"3 sur 6\"><figure class=\"swiper-slide-inner\"><img decoding=\"async\" class=\"swiper-slide-image\" src=\"https:\/\/isabeeb.cm\/wp-content\/uploads\/2024\/12\/ctd_bertoua1er_2-300x280.jpg\" alt=\"ctd_bertoua1er_2\" \/><\/figure><\/div><div class=\"swiper-slide\" role=\"group\" aria-roledescription=\"slide\" aria-label=\"4 sur 6\"><figure class=\"swiper-slide-inner\"><img decoding=\"async\" class=\"swiper-slide-image\" src=\"https:\/\/isabeeb.cm\/wp-content\/uploads\/2024\/12\/ctd_bertoua1er_3-300x280.jpg\" alt=\"ctd_bertoua1er_3\" \/><\/figure><\/div><div class=\"swiper-slide\" role=\"group\" aria-roledescription=\"slide\" aria-label=\"5 sur 6\"><figure class=\"swiper-slide-inner\"><img decoding=\"async\" class=\"swiper-slide-image\" src=\"https:\/\/isabeeb.cm\/wp-content\/uploads\/2024\/12\/ctd_bertoua1er_4-300x280.jpg\" alt=\"ctd_bertoua1er_4\" \/><\/figure><\/div><div class=\"swiper-slide\" role=\"group\" aria-roledescription=\"slide\" aria-label=\"6 sur 6\"><figure class=\"swiper-slide-inner\"><img decoding=\"async\" class=\"swiper-slide-image\" src=\"https:\/\/isabeeb.cm\/wp-content\/uploads\/2024\/12\/ctd_bertoua1er_6-300x280.jpg\" alt=\"ctd_bertoua1er_6\" \/><\/figure><\/div>\t\t\t<\/div>\n\t\t\t\t\t\t\t\t\t\t\t\t<div class=\"elementor-swiper-button elementor-swiper-button-prev\" role=\"button\" tabindex=\"0\">\n\t\t\t\t\t\t<svg aria-hidden=\"true\" class=\"e-font-icon-svg e-eicon-chevron-left\" viewBox=\"0 0 1000 1000\" xmlns=\"http:\/\/www.w3.org\/2000\/svg\"><path d=\"M646 125C629 125 613 133 604 142L308 442C296 454 292 471 292 487 292 504 296 521 308 533L604 854C617 867 629 875 646 875 663 875 679 871 692 858 704 846 713 829 713 812 713 796 708 779 692 767L438 487 692 225C700 217 708 204 708 187 708 171 704 154 692 142 675 129 663 125 646 125Z\"><\/path><\/svg>\t\t\t\t\t<\/div>\n\t\t\t\t\t<div class=\"elementor-swiper-button elementor-swiper-button-next\" role=\"button\" tabindex=\"0\">\n\t\t\t\t\t\t<svg aria-hidden=\"true\" class=\"e-font-icon-svg e-eicon-chevron-right\" viewBox=\"0 0 1000 1000\" xmlns=\"http:\/\/www.w3.org\/2000\/svg\"><path d=\"M696 533C708 521 713 504 713 487 713 471 708 454 696 446L400 146C388 133 375 125 354 125 338 125 325 129 313 142 300 154 292 171 292 187 292 204 296 221 308 233L563 492 304 771C292 783 288 800 288 817 288 833 296 850 308 863 321 871 338 875 354 875 371 875 388 867 400 854L696 533Z\"><\/path><\/svg>\t\t\t\t\t<\/div>\n\t\t\t\t\n\t\t\t\t\t\t\t\t\t<div class=\"swiper-pagination\"><\/div>\n\t\t\t\t\t\t\t\t\t<\/div>\n\t\t\t\t<\/div>\n\t\t\t\t<\/div>\n\t\t\t\t\t<\/div>\n\t\t\t\t<\/div>\n\t\t\t\t<\/div>\n\t\t","protected":false},"excerpt":{"rendered":"<p>L&rsquo;ISABEE de l&rsquo;Universit\u00e9 de Bertoua \u00e0 Belabo impl\u00e9mente actuellement deux importants programmes de d\u00e9veloppement \u00e0 savoir : Le programme d&rsquo;accompagnement des Collectivit\u00e9s Territoriales D\u00e9centralis\u00e9es (CTD) de la R\u00e9gion de l&rsquo;Est dans le montage et la mise en oeuvre des projets de d\u00e9veloppement ; Le Programme P\u00e9pini\u00e8re d&rsquo;Entreprise pour les Dipl\u00f4m\u00e9s de l&rsquo;Universit\u00e9 de Bertoua (PEPED-UBe). [&hellip;]<\/p>\n","protected":false},"author":2,"featured_media":0,"comment_status":"open","ping_status":"open","sticky":false,"template":"","format":"standard","meta":{"footnotes":""},"categories":[6],"tags":[],"class_list":["post-580","post","type-post","status-publish","format-standard","hentry","category-actualites"],"yoast_head":"<!-- This site is optimized with the Yoast SEO plugin v22.6 - https:\/\/yoast.com\/wordpress\/plugins\/seo\/ -->\n<title>Impl\u00e9mentation du programme d&#039;accompagnement des CTD de la R\u00e9gion de l&#039;Est et du Programme PEPED pour les Dipl\u00f4m\u00e9s de l&#039;Universit\u00e9 de Bertoua - ISABEE<\/title>\n<meta name=\"description\" content=\"Impl\u00e9mentation du programme d&#039;accompagnement des CTD de la R\u00e9gion de l&#039;Est et du Programme PEPED des \u00e9tudiants diplom\u00e9s l&#039;UBe.\" \/>\n<meta name=\"robots\" content=\"index, follow, max-snippet:-1, max-image-preview:large, max-video-preview:-1\" \/>\n<link rel=\"canonical\" href=\"https:\/\/isabeeb.cm\/index.php\/2024\/12\/02\/implementation-du-programme-daccompagnement-des-collectivites-territoriales-decentralisees-ctd-de-la-region-de-lest-et-du-programme-pepiniere-dentreprise-pour-les-diplomes-de-luniversite-de\/\" \/>\n<meta property=\"og:locale\" content=\"fr_FR\" \/>\n<meta property=\"og:type\" content=\"article\" \/>\n<meta property=\"og:title\" content=\"Impl\u00e9mentation du programme d&#039;accompagnement des CTD de la R\u00e9gion de l&#039;Est et du Programme PEPED pour les Dipl\u00f4m\u00e9s de l&#039;Universit\u00e9 de Bertoua - ISABEE\" \/>\n<meta property=\"og:description\" content=\"Impl\u00e9mentation du programme d&#039;accompagnement des CTD de la R\u00e9gion de l&#039;Est et du Programme PEPED des \u00e9tudiants diplom\u00e9s l&#039;UBe.\" \/>\n<meta property=\"og:url\" content=\"https:\/\/isabeeb.cm\/index.php\/2024\/12\/02\/implementation-du-programme-daccompagnement-des-collectivites-territoriales-decentralisees-ctd-de-la-region-de-lest-et-du-programme-pepiniere-dentreprise-pour-les-diplomes-de-luniversite-de\/\" \/>\n<meta property=\"og:site_name\" content=\"ISABEE\" \/>\n<meta property=\"article:publisher\" content=\"https:\/\/web.facebook.com\/61550770162334\" \/>\n<meta property=\"article:published_time\" content=\"2024-12-02T10:14:24+00:00\" \/>\n<meta property=\"article:modified_time\" content=\"2024-12-02T11:30:47+00:00\" \/>\n<meta property=\"og:image\" content=\"https:\/\/isabeeb.cm\/wp-content\/uploads\/2024\/12\/ctd_bertoua1er_8-300x280.jpg\" \/>\n<meta name=\"author\" content=\"isabeeb\" \/>\n<meta name=\"twitter:card\" content=\"summary_large_image\" \/>\n<meta name=\"twitter:label1\" content=\"\u00c9crit par\" \/>\n\t<meta name=\"twitter:data1\" content=\"isabeeb\" \/>\n\t<meta name=\"twitter:label2\" content=\"Dur\u00e9e de lecture estim\u00e9e\" \/>\n\t<meta name=\"twitter:data2\" content=\"4 minutes\" \/>\n<script type=\"application\/ld+json\" class=\"yoast-schema-graph\">{\"@context\":\"https:\/\/schema.org\",\"@graph\":[{\"@type\":\"Article\",\"@id\":\"https:\/\/isabeeb.cm\/index.php\/2024\/12\/02\/implementation-du-programme-daccompagnement-des-collectivites-territoriales-decentralisees-ctd-de-la-region-de-lest-et-du-programme-pepiniere-dentreprise-pour-les-diplomes-de-luniversite-de\/#article\",\"isPartOf\":{\"@id\":\"https:\/\/isabeeb.cm\/index.php\/2024\/12\/02\/implementation-du-programme-daccompagnement-des-collectivites-territoriales-decentralisees-ctd-de-la-region-de-lest-et-du-programme-pepiniere-dentreprise-pour-les-diplomes-de-luniversite-de\/\"},\"author\":{\"name\":\"isabeeb\",\"@id\":\"https:\/\/isabeeb.cm\/#\/schema\/person\/f8a2b5186873abb1b97548126ee242bd\"},\"headline\":\"Impl\u00e9mentation du programme d&rsquo;accompagnement des CTD de la R\u00e9gion de l&rsquo;Est et du Programme PEPED pour les Dipl\u00f4m\u00e9s de l&rsquo;Universit\u00e9 de Bertoua\",\"datePublished\":\"2024-12-02T10:14:24+00:00\",\"dateModified\":\"2024-12-02T11:30:47+00:00\",\"mainEntityOfPage\":{\"@id\":\"https:\/\/isabeeb.cm\/index.php\/2024\/12\/02\/implementation-du-programme-daccompagnement-des-collectivites-territoriales-decentralisees-ctd-de-la-region-de-lest-et-du-programme-pepiniere-dentreprise-pour-les-diplomes-de-luniversite-de\/\"},\"wordCount\":301,\"commentCount\":0,\"publisher\":{\"@id\":\"https:\/\/isabeeb.cm\/#organization\"},\"image\":{\"@id\":\"https:\/\/isabeeb.cm\/index.php\/2024\/12\/02\/implementation-du-programme-daccompagnement-des-collectivites-territoriales-decentralisees-ctd-de-la-region-de-lest-et-du-programme-pepiniere-dentreprise-pour-les-diplomes-de-luniversite-de\/#primaryimage\"},\"thumbnailUrl\":\"https:\/\/isabeeb.cm\/wp-content\/uploads\/2024\/12\/ctd_bertoua1er_8-300x280.jpg\",\"articleSection\":[\"Actualit\u00e9s\"],\"inLanguage\":\"fr-FR\",\"potentialAction\":[{\"@type\":\"CommentAction\",\"name\":\"Comment\",\"target\":[\"https:\/\/isabeeb.cm\/index.php\/2024\/12\/02\/implementation-du-programme-daccompagnement-des-collectivites-territoriales-decentralisees-ctd-de-la-region-de-lest-et-du-programme-pepiniere-dentreprise-pour-les-diplomes-de-luniversite-de\/#respond\"]}]},{\"@type\":\"WebPage\",\"@id\":\"https:\/\/isabeeb.cm\/index.php\/2024\/12\/02\/implementation-du-programme-daccompagnement-des-collectivites-territoriales-decentralisees-ctd-de-la-region-de-lest-et-du-programme-pepiniere-dentreprise-pour-les-diplomes-de-luniversite-de\/\",\"url\":\"https:\/\/isabeeb.cm\/index.php\/2024\/12\/02\/implementation-du-programme-daccompagnement-des-collectivites-territoriales-decentralisees-ctd-de-la-region-de-lest-et-du-programme-pepiniere-dentreprise-pour-les-diplomes-de-luniversite-de\/\",\"name\":\"Impl\u00e9mentation du programme d'accompagnement des CTD de la R\u00e9gion de l'Est et du Programme PEPED pour les Dipl\u00f4m\u00e9s de l'Universit\u00e9 de Bertoua - ISABEE\",\"isPartOf\":{\"@id\":\"https:\/\/isabeeb.cm\/#website\"},\"primaryImageOfPage\":{\"@id\":\"https:\/\/isabeeb.cm\/index.php\/2024\/12\/02\/implementation-du-programme-daccompagnement-des-collectivites-territoriales-decentralisees-ctd-de-la-region-de-lest-et-du-programme-pepiniere-dentreprise-pour-les-diplomes-de-luniversite-de\/#primaryimage\"},\"image\":{\"@id\":\"https:\/\/isabeeb.cm\/index.php\/2024\/12\/02\/implementation-du-programme-daccompagnement-des-collectivites-territoriales-decentralisees-ctd-de-la-region-de-lest-et-du-programme-pepiniere-dentreprise-pour-les-diplomes-de-luniversite-de\/#primaryimage\"},\"thumbnailUrl\":\"https:\/\/isabeeb.cm\/wp-content\/uploads\/2024\/12\/ctd_bertoua1er_8-300x280.jpg\",\"datePublished\":\"2024-12-02T10:14:24+00:00\",\"dateModified\":\"2024-12-02T11:30:47+00:00\",\"description\":\"Impl\u00e9mentation du programme d'accompagnement des CTD de la R\u00e9gion de l'Est et du Programme PEPED des \u00e9tudiants diplom\u00e9s l'UBe.\",\"inLanguage\":\"fr-FR\",\"potentialAction\":[{\"@type\":\"ReadAction\",\"target\":[\"https:\/\/isabeeb.cm\/index.php\/2024\/12\/02\/implementation-du-programme-daccompagnement-des-collectivites-territoriales-decentralisees-ctd-de-la-region-de-lest-et-du-programme-pepiniere-dentreprise-pour-les-diplomes-de-luniversite-de\/\"]}]},{\"@type\":\"ImageObject\",\"inLanguage\":\"fr-FR\",\"@id\":\"https:\/\/isabeeb.cm\/index.php\/2024\/12\/02\/implementation-du-programme-daccompagnement-des-collectivites-territoriales-decentralisees-ctd-de-la-region-de-lest-et-du-programme-pepiniere-dentreprise-pour-les-diplomes-de-luniversite-de\/#primaryimage\",\"url\":\"https:\/\/isabeeb.cm\/wp-content\/uploads\/2024\/12\/ctd_bertoua1er_8.jpg\",\"contentUrl\":\"https:\/\/isabeeb.cm\/wp-content\/uploads\/2024\/12\/ctd_bertoua1er_8.jpg\",\"width\":1072,\"height\":1000},{\"@type\":\"WebSite\",\"@id\":\"https:\/\/isabeeb.cm\/#website\",\"url\":\"https:\/\/isabeeb.cm\/\",\"name\":\"ISABEE\",\"description\":\"Travail - Discipline - Innovation\",\"publisher\":{\"@id\":\"https:\/\/isabeeb.cm\/#organization\"},\"potentialAction\":[{\"@type\":\"SearchAction\",\"target\":{\"@type\":\"EntryPoint\",\"urlTemplate\":\"https:\/\/isabeeb.cm\/?s={search_term_string}\"},\"query-input\":\"required name=search_term_string\"}],\"inLanguage\":\"fr-FR\"},{\"@type\":\"Organization\",\"@id\":\"https:\/\/isabeeb.cm\/#organization\",\"name\":\"ISABEE\",\"url\":\"https:\/\/isabeeb.cm\/\",\"logo\":{\"@type\":\"ImageObject\",\"inLanguage\":\"fr-FR\",\"@id\":\"https:\/\/isabeeb.cm\/#\/schema\/logo\/image\/\",\"url\":\"https:\/\/isabeeb.cm\/wp-content\/uploads\/2024\/08\/logo-isabee-v3.jpg\",\"contentUrl\":\"https:\/\/isabeeb.cm\/wp-content\/uploads\/2024\/08\/logo-isabee-v3.jpg\",\"width\":781,\"height\":747,\"caption\":\"ISABEE\"},\"image\":{\"@id\":\"https:\/\/isabeeb.cm\/#\/schema\/logo\/image\/\"},\"sameAs\":[\"https:\/\/web.facebook.com\/61550770162334\"]},{\"@type\":\"Person\",\"@id\":\"https:\/\/isabeeb.cm\/#\/schema\/person\/f8a2b5186873abb1b97548126ee242bd\",\"name\":\"isabeeb\",\"image\":{\"@type\":\"ImageObject\",\"inLanguage\":\"fr-FR\",\"@id\":\"https:\/\/isabeeb.cm\/#\/schema\/person\/image\/\",\"url\":\"https:\/\/secure.gravatar.com\/avatar\/2638c95fa985e3f5017da79ee7e70b4525fd29c499811cb6034f8f4a290e534a?s=96&d=mm&r=g\",\"contentUrl\":\"https:\/\/secure.gravatar.com\/avatar\/2638c95fa985e3f5017da79ee7e70b4525fd29c499811cb6034f8f4a290e534a?s=96&d=mm&r=g\",\"caption\":\"isabeeb\"},\"sameAs\":[\"http:\/\/isabeeb.cm\"],\"url\":\"https:\/\/isabeeb.cm\/index.php\/author\/isabeeb\/\"}]}<\/script>\n<!-- \/ Yoast SEO plugin. -->","yoast_head_json":{"title":"Impl\u00e9mentation du programme d'accompagnement des CTD de la R\u00e9gion de l'Est et du Programme PEPED pour les Dipl\u00f4m\u00e9s de l'Universit\u00e9 de Bertoua - ISABEE","description":"Impl\u00e9mentation du programme d'accompagnement des CTD de la R\u00e9gion de l'Est et du Programme PEPED des \u00e9tudiants diplom\u00e9s l'UBe.","robots":{"index":"index","follow":"follow","max-snippet":"max-snippet:-1","max-image-preview":"max-image-preview:large","max-video-preview":"max-video-preview:-1"},"canonical":"https:\/\/isabeeb.cm\/index.php\/2024\/12\/02\/implementation-du-programme-daccompagnement-des-collectivites-territoriales-decentralisees-ctd-de-la-region-de-lest-et-du-programme-pepiniere-dentreprise-pour-les-diplomes-de-luniversite-de\/","og_locale":"fr_FR","og_type":"article","og_title":"Impl\u00e9mentation du programme d'accompagnement des CTD de la R\u00e9gion de l'Est et du Programme PEPED pour les Dipl\u00f4m\u00e9s de l'Universit\u00e9 de Bertoua - ISABEE","og_description":"Impl\u00e9mentation du programme d'accompagnement des CTD de la R\u00e9gion de l'Est et du Programme PEPED des \u00e9tudiants diplom\u00e9s l'UBe.","og_url":"https:\/\/isabeeb.cm\/index.php\/2024\/12\/02\/implementation-du-programme-daccompagnement-des-collectivites-territoriales-decentralisees-ctd-de-la-region-de-lest-et-du-programme-pepiniere-dentreprise-pour-les-diplomes-de-luniversite-de\/","og_site_name":"ISABEE","article_publisher":"https:\/\/web.facebook.com\/61550770162334","article_published_time":"2024-12-02T10:14:24+00:00","article_modified_time":"2024-12-02T11:30:47+00:00","og_image":[{"url":"https:\/\/isabeeb.cm\/wp-content\/uploads\/2024\/12\/ctd_bertoua1er_8-300x280.jpg"}],"author":"isabeeb","twitter_card":"summary_large_image","twitter_misc":{"\u00c9crit par":"isabeeb","Dur\u00e9e de lecture estim\u00e9e":"4 minutes"},"schema":{"@context":"https:\/\/schema.org","@graph":[{"@type":"Article","@id":"https:\/\/isabeeb.cm\/index.php\/2024\/12\/02\/implementation-du-programme-daccompagnement-des-collectivites-territoriales-decentralisees-ctd-de-la-region-de-lest-et-du-programme-pepiniere-dentreprise-pour-les-diplomes-de-luniversite-de\/#article","isPartOf":{"@id":"https:\/\/isabeeb.cm\/index.php\/2024\/12\/02\/implementation-du-programme-daccompagnement-des-collectivites-territoriales-decentralisees-ctd-de-la-region-de-lest-et-du-programme-pepiniere-dentreprise-pour-les-diplomes-de-luniversite-de\/"},"author":{"name":"isabeeb","@id":"https:\/\/isabeeb.cm\/#\/schema\/person\/f8a2b5186873abb1b97548126ee242bd"},"headline":"Impl\u00e9mentation du programme d&rsquo;accompagnement des CTD de la R\u00e9gion de l&rsquo;Est et du Programme PEPED pour les Dipl\u00f4m\u00e9s de l&rsquo;Universit\u00e9 de Bertoua","datePublished":"2024-12-02T10:14:24+00:00","dateModified":"2024-12-02T11:30:47+00:00","mainEntityOfPage":{"@id":"https:\/\/isabeeb.cm\/index.php\/2024\/12\/02\/implementation-du-programme-daccompagnement-des-collectivites-territoriales-decentralisees-ctd-de-la-region-de-lest-et-du-programme-pepiniere-dentreprise-pour-les-diplomes-de-luniversite-de\/"},"wordCount":301,"commentCount":0,"publisher":{"@id":"https:\/\/isabeeb.cm\/#organization"},"image":{"@id":"https:\/\/isabeeb.cm\/index.php\/2024\/12\/02\/implementation-du-programme-daccompagnement-des-collectivites-territoriales-decentralisees-ctd-de-la-region-de-lest-et-du-programme-pepiniere-dentreprise-pour-les-diplomes-de-luniversite-de\/#primaryimage"},"thumbnailUrl":"https:\/\/isabeeb.cm\/wp-content\/uploads\/2024\/12\/ctd_bertoua1er_8-300x280.jpg","articleSection":["Actualit\u00e9s"],"inLanguage":"fr-FR","potentialAction":[{"@type":"CommentAction","name":"Comment","target":["https:\/\/isabeeb.cm\/index.php\/2024\/12\/02\/implementation-du-programme-daccompagnement-des-collectivites-territoriales-decentralisees-ctd-de-la-region-de-lest-et-du-programme-pepiniere-dentreprise-pour-les-diplomes-de-luniversite-de\/#respond"]}]},{"@type":"WebPage","@id":"https:\/\/isabeeb.cm\/index.php\/2024\/12\/02\/implementation-du-programme-daccompagnement-des-collectivites-territoriales-decentralisees-ctd-de-la-region-de-lest-et-du-programme-pepiniere-dentreprise-pour-les-diplomes-de-luniversite-de\/","url":"https:\/\/isabeeb.cm\/index.php\/2024\/12\/02\/implementation-du-programme-daccompagnement-des-collectivites-territoriales-decentralisees-ctd-de-la-region-de-lest-et-du-programme-pepiniere-dentreprise-pour-les-diplomes-de-luniversite-de\/","name":"Impl\u00e9mentation du programme d'accompagnement des CTD de la R\u00e9gion de l'Est et du Programme PEPED pour les Dipl\u00f4m\u00e9s de l'Universit\u00e9 de Bertoua - ISABEE","isPartOf":{"@id":"https:\/\/isabeeb.cm\/#website"},"primaryImageOfPage":{"@id":"https:\/\/isabeeb.cm\/index.php\/2024\/12\/02\/implementation-du-programme-daccompagnement-des-collectivites-territoriales-decentralisees-ctd-de-la-region-de-lest-et-du-programme-pepiniere-dentreprise-pour-les-diplomes-de-luniversite-de\/#primaryimage"},"image":{"@id":"https:\/\/isabeeb.cm\/index.php\/2024\/12\/02\/implementation-du-programme-daccompagnement-des-collectivites-territoriales-decentralisees-ctd-de-la-region-de-lest-et-du-programme-pepiniere-dentreprise-pour-les-diplomes-de-luniversite-de\/#primaryimage"},"thumbnailUrl":"https:\/\/isabeeb.cm\/wp-content\/uploads\/2024\/12\/ctd_bertoua1er_8-300x280.jpg","datePublished":"2024-12-02T10:14:24+00:00","dateModified":"2024-12-02T11:30:47+00:00","description":"Impl\u00e9mentation du programme d'accompagnement des CTD de la R\u00e9gion de l'Est et du Programme PEPED des \u00e9tudiants diplom\u00e9s l'UBe.","inLanguage":"fr-FR","potentialAction":[{"@type":"ReadAction","target":["https:\/\/isabeeb.cm\/index.php\/2024\/12\/02\/implementation-du-programme-daccompagnement-des-collectivites-territoriales-decentralisees-ctd-de-la-region-de-lest-et-du-programme-pepiniere-dentreprise-pour-les-diplomes-de-luniversite-de\/"]}]},{"@type":"ImageObject","inLanguage":"fr-FR","@id":"https:\/\/isabeeb.cm\/index.php\/2024\/12\/02\/implementation-du-programme-daccompagnement-des-collectivites-territoriales-decentralisees-ctd-de-la-region-de-lest-et-du-programme-pepiniere-dentreprise-pour-les-diplomes-de-luniversite-de\/#primaryimage","url":"https:\/\/isabeeb.cm\/wp-content\/uploads\/2024\/12\/ctd_bertoua1er_8.jpg","contentUrl":"https:\/\/isabeeb.cm\/wp-content\/uploads\/2024\/12\/ctd_bertoua1er_8.jpg","width":1072,"height":1000},{"@type":"WebSite","@id":"https:\/\/isabeeb.cm\/#website","url":"https:\/\/isabeeb.cm\/","name":"ISABEE","description":"Travail - Discipline - Innovation","publisher":{"@id":"https:\/\/isabeeb.cm\/#organization"},"potentialAction":[{"@type":"SearchAction","target":{"@type":"EntryPoint","urlTemplate":"https:\/\/isabeeb.cm\/?s={search_term_string}"},"query-input":"required name=search_term_string"}],"inLanguage":"fr-FR"},{"@type":"Organization","@id":"https:\/\/isabeeb.cm\/#organization","name":"ISABEE","url":"https:\/\/isabeeb.cm\/","logo":{"@type":"ImageObject","inLanguage":"fr-FR","@id":"https:\/\/isabeeb.cm\/#\/schema\/logo\/image\/","url":"https:\/\/isabeeb.cm\/wp-content\/uploads\/2024\/08\/logo-isabee-v3.jpg","contentUrl":"https:\/\/isabeeb.cm\/wp-content\/uploads\/2024\/08\/logo-isabee-v3.jpg","width":781,"height":747,"caption":"ISABEE"},"image":{"@id":"https:\/\/isabeeb.cm\/#\/schema\/logo\/image\/"},"sameAs":["https:\/\/web.facebook.com\/61550770162334"]},{"@type":"Person","@id":"https:\/\/isabeeb.cm\/#\/schema\/person\/f8a2b5186873abb1b97548126ee242bd","name":"isabeeb","image":{"@type":"ImageObject","inLanguage":"fr-FR","@id":"https:\/\/isabeeb.cm\/#\/schema\/person\/image\/","url":"https:\/\/secure.gravatar.com\/avatar\/2638c95fa985e3f5017da79ee7e70b4525fd29c499811cb6034f8f4a290e534a?s=96&d=mm&r=g","contentUrl":"https:\/\/secure.gravatar.com\/avatar\/2638c95fa985e3f5017da79ee7e70b4525fd29c499811cb6034f8f4a290e534a?s=96&d=mm&r=g","caption":"isabeeb"},"sameAs":["http:\/\/isabeeb.cm"],"url":"https:\/\/isabeeb.cm\/index.php\/author\/isabeeb\/"}]}},"_links":{"self":[{"href":"https:\/\/isabeeb.cm\/index.php\/wp-json\/wp\/v2\/posts\/580","targetHints":{"allow":["GET"]}}],"collection":[{"href":"https:\/\/isabeeb.cm\/index.php\/wp-json\/wp\/v2\/posts"}],"about":[{"href":"https:\/\/isabeeb.cm\/index.php\/wp-json\/wp\/v2\/types\/post"}],"author":[{"embeddable":true,"href":"https:\/\/isabeeb.cm\/index.php\/wp-json\/wp\/v2\/users\/2"}],"replies":[{"embeddable":true,"href":"https:\/\/isabeeb.cm\/index.php\/wp-json\/wp\/v2\/comments?post=580"}],"version-history":[{"count":11,"href":"https:\/\/isabeeb.cm\/index.php\/wp-json\/wp\/v2\/posts\/580\/revisions"}],"predecessor-version":[{"id":609,"href":"https:\/\/isabeeb.cm\/index.php\/wp-json\/wp\/v2\/posts\/580\/revisions\/609"}],"wp:attachment":[{"href":"https:\/\/isabeeb.cm\/index.php\/wp-json\/wp\/v2\/media?parent=580"}],"wp:term":[{"taxonomy":"category","embeddable":true,"href":"https:\/\/isabeeb.cm\/index.php\/wp-json\/wp\/v2\/categories?post=580"},{"taxonomy":"post_tag","embeddable":true,"href":"https:\/\/isabeeb.cm\/index.php\/wp-json\/wp\/v2\/tags?post=580"}],"curies":[{"name":"wp","href":"https:\/\/api.w.org\/{rel}","templated":true}]}}